{"id":698,"date":"2021-02-24T22:02:44","date_gmt":"2021-02-24T22:02:44","guid":{"rendered":"https:\/\/artesanoenpiel.com\/?p=698"},"modified":"2022-06-01T14:50:47","modified_gmt":"2022-06-01T14:50:47","slug":"mochila-cubo-grande-color-rojo","status":"publish","type":"post","link":"https:\/\/artesanoenpiel.com\/eu\/mochila-cubo-grande-color-rojo\/","title":{"rendered":"Mochila Cubo Grande Color Rojo"},"content":{"rendered":"\n<figure class=\"wp-block-gallery has-nested-images columns-default is-cropped wp-block-gallery-1 is-layout-flex\">\n<figure class=\"wp-block-image size-large\"><a href=\"https:\/\/artesanoenpiel.com\/wp-content\/uploads\/IMG_8338-scaled.jpg\"><img decoding=\"async\" data-id=\"699\"  src=\"https:\/\/artesanoenpiel.com\/wp-content\/uploads\/IMG_8338-225x300.jpg\" alt=\"\" class=\"wp-image-699\"\/><\/a><\/figure>\n\n\n\n<figure class=\"wp-block-image size-large\"><a href=\"https:\/\/artesanoenpiel.com\/wp-content\/uploads\/IMG_8340-scaled.jpg\"><img decoding=\"async\" data-id=\"700\"  src=\"https:\/\/artesanoenpiel.com\/wp-content\/uploads\/IMG_8340-225x300.jpg\" alt=\"\" class=\"wp-image-700\"\/><\/a><\/figure>\n\n\n\n<figure class=\"wp-block-image size-large\"><a href=\"https:\/\/artesanoenpiel.com\/wp-content\/uploads\/IMG_8341-scaled.jpg\"><img decoding=\"async\" data-id=\"701\"  src=\"https:\/\/artesanoenpiel.com\/wp-content\/uploads\/IMG_8341-225x300.jpg\" alt=\"\" class=\"wp-image-701\"\/><\/a><\/figure>\n\n\n\n<figure class=\"wp-block-image size-large\"><a href=\"https:\/\/artesanoenpiel.com\/wp-content\/uploads\/IMG_8342-scaled.jpg\"><img decoding=\"async\" data-id=\"702\"  src=\"https:\/\/artesanoenpiel.com\/wp-content\/uploads\/IMG_8342-225x300.jpg\" alt=\"\" class=\"wp-image-702\"\/><\/a><\/figure>\n\n\n\n<figure class=\"wp-block-image size-large\"><a href=\"https:\/\/artesanoenpiel.com\/wp-content\/uploads\/IMG_8344-scaled.jpg\"><img decoding=\"async\" data-id=\"703\"  src=\"https:\/\/artesanoenpiel.com\/wp-content\/uploads\/IMG_8344-225x300.jpg\" alt=\"\" class=\"wp-image-703\"\/><\/a><\/figure>\n\n\n\n<figure class=\"wp-block-image size-large\"><a href=\"https:\/\/artesanoenpiel.com\/wp-content\/uploads\/IMG_8345-scaled.jpg\"><img decoding=\"async\" data-id=\"704\"  src=\"https:\/\/artesanoenpiel.com\/wp-content\/uploads\/IMG_8345-225x300.jpg\" alt=\"\" class=\"wp-image-704\"\/><\/a><\/figure>\n<\/figure>\n\n\n\n<p><strong>La mochila cubo es una edici\u00f3n limitada, solo se fabrica de una en una siendo modelos \u00fanico<\/strong> <strong>exclusivo de alta calidad 100% artesanal.<\/strong> Como todos mis productos <strong>Fabricado<\/strong> por un solo artesano y sin <strong>obsolescencia programada.<\/strong><br><strong>Mochila Cubo<\/strong>: Una delas joya de mi taller es una creaci\u00f3n propia, es un modelo practico y con mucha cabida. Esta <strong>fabricada<\/strong> en piel de <strong>Vaca <\/strong>de <strong>curtido vegetal <\/strong>de color rojo vivo que adquirir\u00e1 <strong>p\u00e1tina<\/strong> con el uso. Cosido a maquina con hilos de alta calidad de color marr\u00f3n tostado con costuras dobles y encoladas que le dan una alta resistencia. El forro es de tejido de loneta de algod\u00f3n 100% de color negro y tambi\u00e9n esta cosido con costuras dobles y en coladas, cosido a maquina con hilos de alta calidad de color rojo y negro para forro. Todo este proceso le dan una resistencia a las costuras extremadamente fuerte. Los tirantes son regulables tienen unas hebillas que sirven para regularlos. Hebillas de hierro y pasador del mismo material de color pavonado. Tiene un sistema de cierre tipo bolsa de Judas con una pieza de cuero que hace de regulador y de tope asegurando su cierre. .<br>Consta de dos bolsillos exteriores cerrados con corchetes met\u00e1licos color plata y un bolsillo interior con cremallera tama\u00f1o dina cuatro. Este producto como todos mis productos es una producci\u00f3n de alta calidad que esta preparada para el transcurso de m\u00e1s de una d\u00e9cada de uso. Siempre que se mantengan unos m\u00ednimos cuidados que especifico en la etiqueta del producto.<br><strong>Medidas<\/strong>:Alto 42 cm-Ancho 26 cm-Largo m\u00e1ximo de tirantes 90 cm <strong>Regulable<\/strong>-ancho tirantes 3,5 cm.<br><strong>Medidas<\/strong>:Alto 42 cm-Ancho 26-Largo m\u00e1ximo de tiros 85 cm Regulador-ancho tirantes 3,5 cm.<br><strong>P.V.P. 325,00\u20ac<\/strong><\/p>\n","protected":false},"excerpt":{"rendered":"<p><a href=\"https:\/\/artesanoenpiel.com\/eu\/mochila-cubo-grande-color-rojo\/\" class=\"excerpt\">PVP 325\u20ac<\/a><\/p>\n","protected":false},"author":3,"featured_media":699,"comment_status":"closed","ping_status":"open","sticky":false,"template":"","format":"standard","meta":{"_uag_custom_page_level_css":"","site-sidebar-layout":"default","site-content-layout":"default","ast-site-content-layout":"default","site-content-style":"default","site-sidebar-style":"default","ast-global-header-display":"","ast-banner-title-visibility":"","ast-main-header-display":"","ast-hfb-above-header-display":"","ast-hfb-below-header-display":"","ast-hfb-mobile-header-display":"","site-post-title":"","ast-breadcrumbs-content":"","ast-featured-img":"","footer-sml-layout":"","ast-disable-related-posts":"","theme-transparent-header-meta":"default","adv-header-id-meta":"","stick-header-meta":"","header-above-stick-meta":"","header-main-stick-meta":"","header-below-stick-meta":"","astra-migrate-meta-layouts":"default","ast-page-background-enabled":"default","ast-page-background-meta":{"desktop":{"background-color":"","background-image":"","background-repeat":"repeat","background-position":"center center","background-size":"auto","background-attachment":"scroll","background-type":"","background-media":"","overlay-type":"","overlay-color":"","overlay-opacity":"","overlay-gradient":""},"tablet":{"background-color":"","background-image":"","background-repeat":"repeat","background-position":"center center","background-size":"auto","background-attachment":"scroll","background-type":"","background-media":"","overlay-type":"","overlay-color":"","overlay-opacity":"","overlay-gradient":""},"mobile":{"background-color":"","background-image":"","background-repeat":"repeat","background-position":"center center","background-size":"auto","background-attachment":"scroll","background-type":"","background-media":"","overlay-type":"","overlay-color":"","overlay-opacity":"","overlay-gradient":""}},"ast-content-background-meta":{"desktop":{"background-color":"var(--ast-global-color-5)","background-image":"","background-repeat":"repeat","background-position":"center center","background-size":"auto","background-attachment":"scroll","background-type":"","background-media":"","overlay-type":"","overlay-color":"","overlay-opacity":"","overlay-gradient":""},"tablet":{"background-color":"var(--ast-global-color-5)","background-image":"","background-repeat":"repeat","background-position":"center center","background-size":"auto","background-attachment":"scroll","background-type":"","background-media":"","overlay-type":"","overlay-color":"","overlay-opacity":"","overlay-gradient":""},"mobile":{"background-color":"var(--ast-global-color-5)","background-image":"","background-repeat":"repeat","background-position":"center center","background-size":"auto","background-attachment":"scroll","background-type":"","background-media":"","overlay-type":"","overlay-color":"","overlay-opacity":"","overlay-gradient":""}}},"categories":[34,8],"tags":[16],"jetpack_sharing_enabled":true,"jetpack_featured_media_url":"https:\/\/artesanoenpiel.com\/wp-content\/uploads\/IMG_8338-scaled.jpg","uagb_featured_image_src":{"full":["https:\/\/artesanoenpiel.com\/wp-content\/uploads\/IMG_8338-scaled.jpg",1920,2560,false],"thumbnail":["https:\/\/artesanoenpiel.com\/wp-content\/uploads\/IMG_8338-scaled-150x150.jpg",150,150,true],"medium":["https:\/\/artesanoenpiel.com\/wp-content\/uploads\/IMG_8338-scaled-225x300.jpg",225,300,true],"medium_large":["https:\/\/artesanoenpiel.com\/wp-content\/uploads\/IMG_8338-scaled-768x1024.jpg",768,1024,true],"large":["https:\/\/artesanoenpiel.com\/wp-content\/uploads\/IMG_8338-scaled-768x1024.jpg",768,1024,true],"1536x1536":["https:\/\/artesanoenpiel.com\/wp-content\/uploads\/IMG_8338-scaled-1152x1536.jpg",1152,1536,true],"2048x2048":["https:\/\/artesanoenpiel.com\/wp-content\/uploads\/IMG_8338-scaled-1536x2048.jpg",1536,2048,true]},"uagb_author_info":{"display_name":"eduardo arzamendi","author_link":"https:\/\/artesanoenpiel.com\/eu\/author\/arzado\/"},"uagb_comment_info":0,"uagb_excerpt":"PVP 325\u20ac","_links":{"self":[{"href":"https:\/\/artesanoenpiel.com\/eu\/wp-json\/wp\/v2\/posts\/698"}],"collection":[{"href":"https:\/\/artesanoenpiel.com\/eu\/wp-json\/wp\/v2\/posts"}],"about":[{"href":"https:\/\/artesanoenpiel.com\/eu\/wp-json\/wp\/v2\/types\/post"}],"author":[{"embeddable":true,"href":"https:\/\/artesanoenpiel.com\/eu\/wp-json\/wp\/v2\/users\/3"}],"replies":[{"embeddable":true,"href":"https:\/\/artesanoenpiel.com\/eu\/wp-json\/wp\/v2\/comments?post=698"}],"version-history":[{"count":8,"href":"https:\/\/artesanoenpiel.com\/eu\/wp-json\/wp\/v2\/posts\/698\/revisions"}],"predecessor-version":[{"id":3054,"href":"https:\/\/artesanoenpiel.com\/eu\/wp-json\/wp\/v2\/posts\/698\/revisions\/3054"}],"wp:featuredmedia":[{"embeddable":true,"href":"https:\/\/artesanoenpiel.com\/eu\/wp-json\/wp\/v2\/media\/699"}],"wp:attachment":[{"href":"https:\/\/artesanoenpiel.com\/eu\/wp-json\/wp\/v2\/media?parent=698"}],"wp:term":[{"taxonomy":"category","embeddable":true,"href":"https:\/\/artesanoenpiel.com\/eu\/wp-json\/wp\/v2\/categories?post=698"},{"taxonomy":"post_tag","embeddable":true,"href":"https:\/\/artesanoenpiel.com\/eu\/wp-json\/wp\/v2\/tags?post=698"}],"curies":[{"name":"wp","href":"https:\/\/api.w.org\/{rel}","templated":true}]}}