{"id":2220,"date":"2021-04-22T11:08:46","date_gmt":"2021-04-22T11:08:46","guid":{"rendered":"https:\/\/artesanoenpiel.com\/?p=2220"},"modified":"2021-04-22T12:06:15","modified_gmt":"2021-04-22T12:06:15","slug":"munequera-marron-decorada-tres-conchos","status":"publish","type":"post","link":"https:\/\/artesanoenpiel.com\/eu\/munequera-marron-decorada-tres-conchos\/","title":{"rendered":"Mu\u00f1equera Marr\u00f3n Decorada Tres Conchos."},"content":{"rendered":"\n<figure class=\"wp-block-gallery columns-3 is-cropped wp-block-gallery-1 is-layout-flex\"><ul class=\"blocks-gallery-grid\"><li class=\"blocks-gallery-item\"><figure><a href=\"https:\/\/artesanoenpiel.com\/wp-content\/uploads\/IMG_8191-scaled.jpg\"><img decoding=\"async\" src=\"https:\/\/artesanoenpiel.com\/wp-content\/uploads\/IMG_8191-225x300.jpg\" alt=\"\" data-id=\"2221\" data-full-url=\"https:\/\/artesanoenpiel.com\/wp-content\/uploads\/IMG_8191-scaled.jpg\" data-link=\"https:\/\/artesanoenpiel.com\/?attachment_id=2221\" class=\"wp-image-2221\"\/><\/a><\/figure><\/li><li class=\"blocks-gallery-item\"><figure><a href=\"https:\/\/artesanoenpiel.com\/wp-content\/uploads\/IMG_8189-scaled.jpg\"><img decoding=\"async\" src=\"https:\/\/artesanoenpiel.com\/wp-content\/uploads\/IMG_8189-225x300.jpg\" alt=\"\" data-id=\"2223\" data-full-url=\"https:\/\/artesanoenpiel.com\/wp-content\/uploads\/IMG_8189-scaled.jpg\" data-link=\"https:\/\/artesanoenpiel.com\/?attachment_id=2223\" class=\"wp-image-2223\"\/><\/a><\/figure><\/li><li class=\"blocks-gallery-item\"><figure><a href=\"https:\/\/artesanoenpiel.com\/wp-content\/uploads\/IMG_8190-scaled.jpg\"><img decoding=\"async\" src=\"https:\/\/artesanoenpiel.com\/wp-content\/uploads\/IMG_8190-768x1024.jpg\" alt=\"\" data-id=\"2225\" data-full-url=\"https:\/\/artesanoenpiel.com\/wp-content\/uploads\/IMG_8190-scaled.jpg\" data-link=\"https:\/\/artesanoenpiel.com\/?attachment_id=2225\" class=\"wp-image-2225\"\/><\/a><\/figure><\/li><\/ul><\/figure>\n\n\n\n<p><strong>Mu\u00f1equera <\/strong>marr\u00f3n decorada con tres conchos.                                                                                        Fabricada en piel de <strong>Vaca <\/strong>de<strong> curtido vegetal <\/strong>color marr\u00f3n chocolate que adquirir\u00e1 <strong>p\u00e1tina <\/strong>con el uso. Forro de<strong> Cabra <\/strong>color natural de <strong>curtido vegetal<\/strong> que adquirir\u00e1 <strong>p\u00e1tina<\/strong> con el uso. Encolada y <strong>cosido a mano <\/strong>con hilo encerado color crudo. Decorada con tres conchos met\u00e1licos color plata. Sujetos con tira de cuero sujeta con remaches peque\u00f1os color plata. Hebilla de metal regulable color plata.   <br><strong>Medidas:<\/strong> Largo 21 cm-Ancho 5 cm. <strong>Grosor de piel<\/strong> 2,2 mm m\u00e1s forro de 0,5 mm<br><strong>MU\u00d1ECA:<\/strong> 19 cm &#8211; 23,5 cm.<br><strong>P.V.P. 49,00\u20ac<\/strong><\/p>\n","protected":false},"excerpt":{"rendered":"<p><a href=\"https:\/\/artesanoenpiel.com\/eu\/munequera-marron-decorada-tres-conchos\/\" class=\"excerpt\">49\u20ac<\/a><\/p>\n","protected":false},"author":3,"featured_media":2221,"comment_status":"closed","ping_status":"open","sticky":false,"template":"","format":"standard","meta":{"_uag_custom_page_level_css":"","site-sidebar-layout":"default","site-content-layout":"default","ast-site-content-layout":"default","site-content-style":"default","site-sidebar-style":"default","ast-global-header-display":"","ast-banner-title-visibility":"","ast-main-header-display":"","ast-hfb-above-header-display":"","ast-hfb-below-header-display":"","ast-hfb-mobile-header-display":"","site-post-title":"","ast-breadcrumbs-content":"","ast-featured-img":"","footer-sml-layout":"","ast-disable-related-posts":"","theme-transparent-header-meta":"default","adv-header-id-meta":"","stick-header-meta":"","header-above-stick-meta":"","header-main-stick-meta":"","header-below-stick-meta":"","astra-migrate-meta-layouts":"default","ast-page-background-enabled":"default","ast-page-background-meta":{"desktop":{"background-color":"","background-image":"","background-repeat":"repeat","background-position":"center center","background-size":"auto","background-attachment":"scroll","background-type":"","background-media":"","overlay-type":"","overlay-color":"","overlay-opacity":"","overlay-gradient":""},"tablet":{"background-color":"","background-image":"","background-repeat":"repeat","background-position":"center center","background-size":"auto","background-attachment":"scroll","background-type":"","background-media":"","overlay-type":"","overlay-color":"","overlay-opacity":"","overlay-gradient":""},"mobile":{"background-color":"","background-image":"","background-repeat":"repeat","background-position":"center center","background-size":"auto","background-attachment":"scroll","background-type":"","background-media":"","overlay-type":"","overlay-color":"","overlay-opacity":"","overlay-gradient":""}},"ast-content-background-meta":{"desktop":{"background-color":"var(--ast-global-color-5)","background-image":"","background-repeat":"repeat","background-position":"center center","background-size":"auto","background-attachment":"scroll","background-type":"","background-media":"","overlay-type":"","overlay-color":"","overlay-opacity":"","overlay-gradient":""},"tablet":{"background-color":"var(--ast-global-color-5)","background-image":"","background-repeat":"repeat","background-position":"center center","background-size":"auto","background-attachment":"scroll","background-type":"","background-media":"","overlay-type":"","overlay-color":"","overlay-opacity":"","overlay-gradient":""},"mobile":{"background-color":"var(--ast-global-color-5)","background-image":"","background-repeat":"repeat","background-position":"center center","background-size":"auto","background-attachment":"scroll","background-type":"","background-media":"","overlay-type":"","overlay-color":"","overlay-opacity":"","overlay-gradient":""}}},"categories":[68,10,46],"tags":[16],"jetpack_sharing_enabled":true,"jetpack_featured_media_url":"https:\/\/artesanoenpiel.com\/wp-content\/uploads\/IMG_8191-scaled.jpg","uagb_featured_image_src":{"full":["https:\/\/artesanoenpiel.com\/wp-content\/uploads\/IMG_8191-scaled.jpg",735,980,false],"thumbnail":["https:\/\/artesanoenpiel.com\/wp-content\/uploads\/IMG_8191-scaled-150x150.jpg",150,150,true],"medium":["https:\/\/artesanoenpiel.com\/wp-content\/uploads\/IMG_8191-scaled-225x300.jpg",225,300,true],"medium_large":["https:\/\/artesanoenpiel.com\/wp-content\/uploads\/IMG_8191-scaled.jpg",735,980,false],"large":["https:\/\/artesanoenpiel.com\/wp-content\/uploads\/IMG_8191-scaled.jpg",735,980,false],"1536x1536":["https:\/\/artesanoenpiel.com\/wp-content\/uploads\/IMG_8191-scaled.jpg",735,980,false],"2048x2048":["https:\/\/artesanoenpiel.com\/wp-content\/uploads\/IMG_8191-scaled.jpg",735,980,false]},"uagb_author_info":{"display_name":"eduardo arzamendi","author_link":"https:\/\/artesanoenpiel.com\/eu\/author\/arzado\/"},"uagb_comment_info":0,"uagb_excerpt":"49\u20ac","_links":{"self":[{"href":"https:\/\/artesanoenpiel.com\/eu\/wp-json\/wp\/v2\/posts\/2220"}],"collection":[{"href":"https:\/\/artesanoenpiel.com\/eu\/wp-json\/wp\/v2\/posts"}],"about":[{"href":"https:\/\/artesanoenpiel.com\/eu\/wp-json\/wp\/v2\/types\/post"}],"author":[{"embeddable":true,"href":"https:\/\/artesanoenpiel.com\/eu\/wp-json\/wp\/v2\/users\/3"}],"replies":[{"embeddable":true,"href":"https:\/\/artesanoenpiel.com\/eu\/wp-json\/wp\/v2\/comments?post=2220"}],"version-history":[{"count":2,"href":"https:\/\/artesanoenpiel.com\/eu\/wp-json\/wp\/v2\/posts\/2220\/revisions"}],"predecessor-version":[{"id":2229,"href":"https:\/\/artesanoenpiel.com\/eu\/wp-json\/wp\/v2\/posts\/2220\/revisions\/2229"}],"wp:featuredmedia":[{"embeddable":true,"href":"https:\/\/artesanoenpiel.com\/eu\/wp-json\/wp\/v2\/media\/2221"}],"wp:attachment":[{"href":"https:\/\/artesanoenpiel.com\/eu\/wp-json\/wp\/v2\/media?parent=2220"}],"wp:term":[{"taxonomy":"category","embeddable":true,"href":"https:\/\/artesanoenpiel.com\/eu\/wp-json\/wp\/v2\/categories?post=2220"},{"taxonomy":"post_tag","embeddable":true,"href":"https:\/\/artesanoenpiel.com\/eu\/wp-json\/wp\/v2\/tags?post=2220"}],"curies":[{"name":"wp","href":"https:\/\/api.w.org\/{rel}","templated":true}]}}